{"id":3173,"__str__":"Anexo - Edital de Convoca\u00e7\u00e3o da Sess\u00e3o Extraordin\u00e1ria de 06/04/2020 por Presidente da C\u00e2mara","link_detail_backend":"/materia/documentoacessorio/3173","metadata":{},"nome":"Edital de Convoca\u00e7\u00e3o da Sess\u00e3o Extraordin\u00e1ria","data":"2020-04-06","autor":"Presidente da C\u00e2mara","ementa":"","indexacao":"","arquivo":"http://sapl.guariba.sp.leg.br/media/sapl/public/documentoacessorio/2020/3173/edital-convocacao.pdf","data_ultima_atualizacao":"2020-04-30T15:07:00.324895-03:00","materia":9459,"tipo":11}