{"id":389,"__str__":"Avulso - Curriculo  de 23/06/2016 por Vereador Jos\u00e9 Ferreira de Sousa ","link_detail_backend":"/materia/documentoacessorio/389","metadata":{},"nome":"Curriculo ","data":"2016-06-23","autor":"Vereador Jos\u00e9 Ferreira de Sousa ","ementa":"DISP\u00d5E SOBRE A DENOMINA\u00c7\u00c3O DE VIA P\u00daBLICA NA VILA JORD\u00c3O DE \"AVENIDA SANTA SA\u00daDE PEREIRA\".","indexacao":"","arquivo":"http://sapl.guariba.sp.leg.br/media/sapl/public/documentoacessorio/2016/389/389.pdf","data_ultima_atualizacao":"2018-06-27T14:50:44.133079-03:00","materia":7457,"tipo":3}