{"id":4698,"__str__":"Of\u00edcio - Resposta da Indica\u00e7\u00e3o de 12/04/2023 por Chefe do Setor de Tr\u00e2nsito","link_detail_backend":"/materia/documentoacessorio/4698","metadata":{},"nome":"Resposta da Indica\u00e7\u00e3o","data":"2023-04-12","autor":"Chefe do Setor de Tr\u00e2nsito","ementa":"Prezado,\r\nEsclare\u00e7o ao Nobre Vereador, autor da referida indica\u00e7\u00e3o, segue em anexo fotos do local, que no local solicitado j\u00e1 existe sinaliza\u00e7\u00e3o vertical e horizontal que indicam a parada obrigat\u00f3ria.\r\n\u00c9 oportuno citar, que a seguran\u00e7a do tr\u00e2nsito n\u00e3o se d\u00e1 somente pela sinaliza\u00e7\u00e3o de tr\u00e2nsito e seus dispositivos, mas tamb\u00e9m pela conscientiza\u00e7\u00e3o dos usu\u00e1rios das vias, sejam eles pedestres ou condutores ve\u00edculos.","indexacao":"","arquivo":"http://sapl.guariba.sp.leg.br/media/sapl/public/documentoacessorio/2023/4698/resposta-ind-39-2023-cmg.pdf","data_ultima_atualizacao":"2023-04-26T15:13:57.325952-03:00","materia":10508,"tipo":7}