{"id":5014,"__str__":"Anexo - Biografia da Homenageada de 21/11/2023 por Vereadora M\u00e1rcia Cristiane Maturo","link_detail_backend":"/materia/documentoacessorio/5014","metadata":{},"nome":"Biografia da Homenageada","data":"2023-11-21","autor":"Vereadora M\u00e1rcia Cristiane Maturo","ementa":"DISP\u00d5E SOBRE A CONCESS\u00c3O DO T\u00cdTULO DE CIDAD\u00c3 GUARIBENSE \u00c0 ILUSTRE M\u00c9DICA DRA. BRUNA MINNITI MAN\u00c7ANO.","indexacao":"DISP\u00d5E SOBRE A CONCESS\u00c3O DO T\u00cdTULO DE CIDAD\u00c3 GUARIBENSE \u00c0 ILUSTRE M\u00c9DICA DRA. BRUNA MINNITI MAN\u00c7ANO.","arquivo":"http://sapl.guariba.sp.leg.br/media/sapl/public/documentoacessorio/2023/5014/biografia_homenageada.pdf","data_ultima_atualizacao":"2023-11-29T13:59:41.265557-03:00","materia":10774,"tipo":11}