{"id":11312,"__str__":"Projeto de Resolu\u00e7\u00e3o n\u00ba 3 de 2025","link_detail_backend":"/materia/11312","metadata":{},"numero":3,"ano":2025,"numero_protocolo":null,"data_apresentacao":"2025-08-11","tipo_apresentacao":"E","data_publicacao":"2025-08-15","numero_origem_externa":"3","ano_origem_externa":2025,"data_origem_externa":"2025-08-11","apelido":"","dias_prazo":null,"data_fim_prazo":null,"em_tramitacao":true,"polemica":false,"objeto":"Projeto de Resolu\u00e7\u00e3o","complementar":false,"ementa":"CONSTITUI A COMISS\u00c3O ESPECIAL DE COMBATE \u00c0 VIOL\u00caNCIA CONTRA CRIAN\u00c7AS E ADOLESCENTES EM AMBIENTE DIGITAL.","indexacao":"CONSTITUI A COMISS\u00c3O ESPECIAL DE COMBATE \u00c0 VIOL\u00caNCIA CONTRA CRIAN\u00c7AS E ADOLESCENTES EM AMBIENTE DIGITAL.","observacao":"CONSTITUI A COMISS\u00c3O ESPECIAL DE COMBATE \u00c0 VIOL\u00caNCIA CONTRA CRIAN\u00c7AS E ADOLESCENTES EM AMBIENTE DIGITAL.","resultado":"","texto_original":"http://sapl.guariba.sp.leg.br/media/sapl/public/materialegislativa/2025/11312/projeto_de_resolucao_no._003.2025_de_11_de_agosto_de_2025.pdf","data_ultima_atualizacao":"2025-08-22T08:58:18.585887-03:00","ip":"45.161.242.60","ultima_edicao":"2025-08-15T08:48:18.968986-03:00","tipo":2,"regime_tramitacao":1,"tipo_origem_externa":2,"local_origem_externa":2,"user":40,"anexadas":[],"autores":[28]}