{"id":7854,"__str__":"Projeto de Lei Complementar n\u00ba 3 de 2017","link_detail_backend":"/materia/7854","metadata":{},"numero":3,"ano":2017,"numero_protocolo":null,"data_apresentacao":"2017-02-23","tipo_apresentacao":"E","data_publicacao":"2017-02-16","numero_origem_externa":"003","ano_origem_externa":2017,"data_origem_externa":"2017-02-23","apelido":"","dias_prazo":null,"data_fim_prazo":null,"em_tramitacao":true,"polemica":false,"objeto":"Projeto de Lei Complementar ","complementar":true,"ementa":"DISP\u00d5E SOBRE A CRIA\u00c7\u00c3O DE UMA FUN\u00c7\u00c3O DE CONFIAN\u00c7A DE CHEFE DA PROCURADORIA GERAL DO MUNIC\u00cdPIO, NO SUB - QUADRO DAS FUN\u00c7\u00d5ES DE CONFIAN\u00c7A, DE QUE TRATA O INCISO III,DO ART. 2\u00ba, DA LEI COMPLEMENTAR N\u00ba. 2.026/2005, COM AS ALTERA\u00c7\u00d5ES DADAS PELO INCISO I, DO ART. 4\u00ba, DA LEI COMPLEMENTAR N\u00ba. 2.679/2013, E D\u00c1 OUTRAS PROVID\u00caNCIAS.","indexacao":"","observacao":"","resultado":"","texto_original":"http://sapl.guariba.sp.leg.br/media/sapl/public/materialegislativa/2017/7854/7854_texto_integral.pdf","data_ultima_atualizacao":"2018-06-27T14:50:50.539688-03:00","ip":"","ultima_edicao":null,"tipo":5,"regime_tramitacao":1,"tipo_origem_externa":5,"local_origem_externa":1,"user":null,"anexadas":[],"autores":[13]}