{"id":8678,"__str__":"Mo\u00e7\u00e3o n\u00ba 23 de 2018","link_detail_backend":"/materia/8678","metadata":{},"numero":23,"ano":2018,"numero_protocolo":189,"data_apresentacao":"2018-09-17","tipo_apresentacao":"","data_publicacao":null,"numero_origem_externa":"","ano_origem_externa":null,"data_origem_externa":null,"apelido":"","dias_prazo":null,"data_fim_prazo":null,"em_tramitacao":true,"polemica":null,"objeto":"","complementar":null,"ementa":"Mo\u00e7\u00e3o de Aplausos e Congratula\u00e7\u00f5es \u00e0 Associa\u00e7\u00e3o de Jud\u00f4 Dait\u00f4o de Guariba, nas pessoas de seus diretores Paulo Henrique dos Santos Ara\u00fajo, Rosineia Tedelk Ara\u00fajo e Ricardo Gon\u00e7alves Augusto, bem como a todos os pais, alunos e respons\u00e1veis, pela brilhante campanha de arrecada\u00e7\u00e3o de produtos aliment\u00edcios para o Centro Social Comunit\u00e1rio e Educacional S\u00e3o Mateus, realizada no \u00faltimo dia 08 de setembro.","indexacao":"","observacao":"","resultado":"","texto_original":"http://sapl.guariba.sp.leg.br/media/sapl/public/materialegislativa/2018/8678/mocao_023-2018.pdf","data_ultima_atualizacao":"2018-09-20T09:42:59.316399-03:00","ip":"","ultima_edicao":null,"tipo":7,"regime_tramitacao":1,"tipo_origem_externa":null,"local_origem_externa":null,"user":null,"anexadas":[],"autores":[38]}